{"id":233,"date":"2017-04-10T16:40:53","date_gmt":"2017-04-10T22:40:53","guid":{"rendered":"http:\/\/www.safeconfidence.com.mx\/BLOG\/?p=233"},"modified":"2017-04-10T16:40:53","modified_gmt":"2017-04-10T22:40:53","slug":"sabias-que-mexico-ocupa-el-segundo-puesto-a-nivel-mundial-en-adquisicion-de-aviones-privados","status":"publish","type":"post","link":"https:\/\/www.safeconfidence.com.mx\/BLOG\/2017\/04\/10\/sabias-que-mexico-ocupa-el-segundo-puesto-a-nivel-mundial-en-adquisicion-de-aviones-privados\/","title":{"rendered":"\u00bfSab\u00edas que M\u00e9xico ocupa el segundo puesto a nivel mundial en adquisici\u00f3n de aviones privados?"},"content":{"rendered":"<p><em><b>\u00a0<\/b><span style=\"font-weight: 400;\">El mercado mexicano concentra la mitad de las entregas de aviones ejecutivos que Bombardier hace en Am\u00e9rica Latina.<\/span><\/em><\/p>\n<p>&nbsp;<\/p>\n<p><span style=\"font-weight: 400;\">Quiz\u00e1 te sorprenda pero de acuerdo con el fabricante canadiense Bombardier, M\u00e9xico se encuentre en el segundo lugar a nivel mundial que demanda este tipo de servicios, incluso en momentos de volatilidad y de alza del d\u00f3lar frente al peso, ya que un viaje privado puede costar alrededor de $20,000.- d\u00f3lares.<\/span><\/p>\n<p><img loading=\"lazy\" class=\"size-medium wp-image-234 aligncenter\" src=\"https:\/\/www.safeconfidence.com.mx\/BLOG\/wp-content\/uploads\/2017\/04\/65-300x150.jpg\" alt=\"\" width=\"300\" height=\"150\" srcset=\"https:\/\/www.safeconfidence.com.mx\/BLOG\/wp-content\/uploads\/2017\/04\/65-300x150.jpg 300w, https:\/\/www.safeconfidence.com.mx\/BLOG\/wp-content\/uploads\/2017\/04\/65-768x384.jpg 768w, https:\/\/www.safeconfidence.com.mx\/BLOG\/wp-content\/uploads\/2017\/04\/65-1024x512.jpg 1024w\" sizes=\"(max-width: 300px) 100vw, 300px\" \/><\/p>\n<p><span style=\"font-weight: 400;\">M\u00e9xico es el principal mercado de aviones privados en la regi\u00f3n para esa compa\u00f1\u00eda, pues concentra la mitad del total de entregas de Am\u00e9rica Latina, una zona que representa el 15% del mercado mundial que atiende la empresa canadiense.<\/span><\/p>\n<p><img loading=\"lazy\" class=\" wp-image-236 aligncenter\" src=\"https:\/\/www.safeconfidence.com.mx\/BLOG\/wp-content\/uploads\/2017\/04\/1mc2on-300x300.gif\" alt=\"\" width=\"181\" height=\"181\" srcset=\"https:\/\/www.safeconfidence.com.mx\/BLOG\/wp-content\/uploads\/2017\/04\/1mc2on-300x300.gif 300w, https:\/\/www.safeconfidence.com.mx\/BLOG\/wp-content\/uploads\/2017\/04\/1mc2on-150x150.gif 150w\" sizes=\"(max-width: 181px) 100vw, 181px\" \/><\/p>\n<p><span style=\"font-weight: 400;\">Poseer un jet privado es uno de los lujos m\u00e1s costosos del mundo. Un modelo Gulfstream 450 cuesta alrededor de 41 millones de d\u00f3lares. Para los ricos residentes de Latinoam\u00e9rica, la aviaci\u00f3n privada es una forma de evitar el riesgo de ser secuestrados, por lo que el 40% de ellos optan por esta modalidad de vuelo.<\/span><\/p>\n<p><i><span style=\"font-weight: 400;\">Imagen y listado difundido por la revista especializada Forbes<\/span><\/i><\/p>\n<p><img loading=\"lazy\" class=\" wp-image-235 aligncenter\" src=\"https:\/\/www.safeconfidence.com.mx\/BLOG\/wp-content\/uploads\/2017\/04\/vuelos-listo-300x216.png\" alt=\"\" width=\"325\" height=\"234\" srcset=\"https:\/\/www.safeconfidence.com.mx\/BLOG\/wp-content\/uploads\/2017\/04\/vuelos-listo-300x216.png 300w, https:\/\/www.safeconfidence.com.mx\/BLOG\/wp-content\/uploads\/2017\/04\/vuelos-listo.png 594w\" sizes=\"(max-width: 325px) 100vw, 325px\" \/><\/p>\n<p>&nbsp;<\/p>\n<p>&nbsp;<\/p>\n<p>&nbsp;<\/p>\n","protected":false},"excerpt":{"rendered":"<p>\u00a0El mercado mexicano concentra la mitad de las entregas de aviones ejecutivos que Bombardier hace en Am\u00e9rica Latina. &nbsp; Quiz\u00e1<\/p>\n","protected":false},"author":1,"featured_media":238,"comment_status":"open","ping_status":"open","sticky":false,"template":"","format":"standard","meta":[],"categories":[1],"tags":[],"yoast_head":"<!-- This site is optimized with the Yoast SEO plugin v14.5 - https:\/\/yoast.com\/wordpress\/plugins\/seo\/ -->\n<title>\u00bfSab\u00edas que M\u00e9xico ocupa el segundo puesto a nivel mundial en adquisici\u00f3n de aviones privados? - Safe &amp; Confidence | Transportacion Ejecutiva | CDMX<\/title>\n<meta name=\"robots\" content=\"index, follow\" \/>\n<meta name=\"googlebot\" content=\"index, follow, max-snippet:-1, max-image-preview:large, max-video-preview:-1\" \/>\n<meta name=\"bingbot\" content=\"index, follow, max-snippet:-1, max-image-preview:large, max-video-preview:-1\" \/>\n<link rel=\"canonical\" href=\"https:\/\/www.safeconfidence.com.mx\/BLOG\/2017\/04\/10\/sabias-que-mexico-ocupa-el-segundo-puesto-a-nivel-mundial-en-adquisicion-de-aviones-privados\/\" \/>\n<meta property=\"og:locale\" content=\"es_ES\" \/>\n<meta property=\"og:type\" content=\"article\" \/>\n<meta property=\"og:title\" content=\"\u00bfSab\u00edas que M\u00e9xico ocupa el segundo puesto a nivel mundial en adquisici\u00f3n de aviones privados? - Safe &amp; Confidence | Transportacion Ejecutiva | CDMX\" \/>\n<meta property=\"og:description\" content=\"\u00a0El mercado mexicano concentra la mitad de las entregas de aviones ejecutivos que Bombardier hace en Am\u00e9rica Latina. &nbsp; Quiz\u00e1\" \/>\n<meta property=\"og:url\" content=\"https:\/\/www.safeconfidence.com.mx\/BLOG\/2017\/04\/10\/sabias-que-mexico-ocupa-el-segundo-puesto-a-nivel-mundial-en-adquisicion-de-aviones-privados\/\" \/>\n<meta property=\"og:site_name\" content=\"Safe &amp; Confidence | Transportacion Ejecutiva | CDMX\" \/>\n<meta property=\"article:publisher\" content=\"https:\/\/www.facebook.com\/SafeConfidence\/\" \/>\n<meta property=\"article:published_time\" content=\"2017-04-10T22:40:53+00:00\" \/>\n<meta property=\"og:image\" content=\"https:\/\/www.safeconfidence.com.mx\/BLOG\/wp-content\/uploads\/2017\/04\/portada-20.jpg\" \/>\n\t<meta property=\"og:image:width\" content=\"2050\" \/>\n\t<meta property=\"og:image:height\" content=\"1025\" \/>\n<meta name=\"twitter:card\" content=\"summary\" \/>\n<script type=\"application\/ld+json\" class=\"yoast-schema-graph\">{\"@context\":\"https:\/\/schema.org\",\"@graph\":[{\"@type\":\"Organization\",\"@id\":\"https:\/\/www.safeconfidence.com.mx\/BLOG\/#organization\",\"name\":\"Safe & Confidence\",\"url\":\"https:\/\/www.safeconfidence.com.mx\/BLOG\/\",\"sameAs\":[\"https:\/\/www.facebook.com\/SafeConfidence\/\",\"https:\/\/www.instagram.com\/safe_and_confidence\",\"https:\/\/www.linkedin.com\/company\/safe-&amp;confidence\"],\"logo\":{\"@type\":\"ImageObject\",\"@id\":\"https:\/\/www.safeconfidence.com.mx\/BLOG\/#logo\",\"inLanguage\":\"es\",\"url\":\"https:\/\/www.safeconfidence.com.mx\/BLOG\/wp-content\/uploads\/2017\/03\/13718600_304610283205887_3941599387691950711_n.png\",\"width\":180,\"height\":180,\"caption\":\"Safe & Confidence\"},\"image\":{\"@id\":\"https:\/\/www.safeconfidence.com.mx\/BLOG\/#logo\"}},{\"@type\":\"WebSite\",\"@id\":\"https:\/\/www.safeconfidence.com.mx\/BLOG\/#website\",\"url\":\"https:\/\/www.safeconfidence.com.mx\/BLOG\/\",\"name\":\"Safe &amp; Confidence | Transportacion Ejecutiva | CDMX\",\"description\":\"L\\u00edderes en transporte ejecutivo con servicios de traslados ejecutivos, renta de auto con chofer, autos blindados\",\"publisher\":{\"@id\":\"https:\/\/www.safeconfidence.com.mx\/BLOG\/#organization\"},\"potentialAction\":[{\"@type\":\"SearchAction\",\"target\":\"https:\/\/www.safeconfidence.com.mx\/BLOG\/?s={search_term_string}\",\"query-input\":\"required name=search_term_string\"}],\"inLanguage\":\"es\"},{\"@type\":\"ImageObject\",\"@id\":\"https:\/\/www.safeconfidence.com.mx\/BLOG\/2017\/04\/10\/sabias-que-mexico-ocupa-el-segundo-puesto-a-nivel-mundial-en-adquisicion-de-aviones-privados\/#primaryimage\",\"inLanguage\":\"es\",\"url\":\"https:\/\/www.safeconfidence.com.mx\/BLOG\/wp-content\/uploads\/2017\/04\/portada-20.jpg\",\"width\":2050,\"height\":1025},{\"@type\":\"WebPage\",\"@id\":\"https:\/\/www.safeconfidence.com.mx\/BLOG\/2017\/04\/10\/sabias-que-mexico-ocupa-el-segundo-puesto-a-nivel-mundial-en-adquisicion-de-aviones-privados\/#webpage\",\"url\":\"https:\/\/www.safeconfidence.com.mx\/BLOG\/2017\/04\/10\/sabias-que-mexico-ocupa-el-segundo-puesto-a-nivel-mundial-en-adquisicion-de-aviones-privados\/\",\"name\":\"\\u00bfSab\\u00edas que M\\u00e9xico ocupa el segundo puesto a nivel mundial en adquisici\\u00f3n de aviones privados? - Safe &amp; Confidence | Transportacion Ejecutiva | CDMX\",\"isPartOf\":{\"@id\":\"https:\/\/www.safeconfidence.com.mx\/BLOG\/#website\"},\"primaryImageOfPage\":{\"@id\":\"https:\/\/www.safeconfidence.com.mx\/BLOG\/2017\/04\/10\/sabias-que-mexico-ocupa-el-segundo-puesto-a-nivel-mundial-en-adquisicion-de-aviones-privados\/#primaryimage\"},\"datePublished\":\"2017-04-10T22:40:53+00:00\",\"dateModified\":\"2017-04-10T22:40:53+00:00\",\"inLanguage\":\"es\",\"potentialAction\":[{\"@type\":\"ReadAction\",\"target\":[\"https:\/\/www.safeconfidence.com.mx\/BLOG\/2017\/04\/10\/sabias-que-mexico-ocupa-el-segundo-puesto-a-nivel-mundial-en-adquisicion-de-aviones-privados\/\"]}]},{\"@type\":\"Article\",\"@id\":\"https:\/\/www.safeconfidence.com.mx\/BLOG\/2017\/04\/10\/sabias-que-mexico-ocupa-el-segundo-puesto-a-nivel-mundial-en-adquisicion-de-aviones-privados\/#article\",\"isPartOf\":{\"@id\":\"https:\/\/www.safeconfidence.com.mx\/BLOG\/2017\/04\/10\/sabias-que-mexico-ocupa-el-segundo-puesto-a-nivel-mundial-en-adquisicion-de-aviones-privados\/#webpage\"},\"author\":{\"@id\":\"https:\/\/www.safeconfidence.com.mx\/BLOG\/#\/schema\/person\/92ff8f1ff3e1de701d1b480f5688c2dd\"},\"headline\":\"\\u00bfSab\\u00edas que M\\u00e9xico ocupa el segundo puesto a nivel mundial en adquisici\\u00f3n de aviones privados?\",\"datePublished\":\"2017-04-10T22:40:53+00:00\",\"dateModified\":\"2017-04-10T22:40:53+00:00\",\"commentCount\":1,\"mainEntityOfPage\":{\"@id\":\"https:\/\/www.safeconfidence.com.mx\/BLOG\/2017\/04\/10\/sabias-que-mexico-ocupa-el-segundo-puesto-a-nivel-mundial-en-adquisicion-de-aviones-privados\/#webpage\"},\"publisher\":{\"@id\":\"https:\/\/www.safeconfidence.com.mx\/BLOG\/#organization\"},\"image\":{\"@id\":\"https:\/\/www.safeconfidence.com.mx\/BLOG\/2017\/04\/10\/sabias-que-mexico-ocupa-el-segundo-puesto-a-nivel-mundial-en-adquisicion-de-aviones-privados\/#primaryimage\"},\"articleSection\":\"Uncategorized\",\"inLanguage\":\"es\",\"potentialAction\":[{\"@type\":\"CommentAction\",\"name\":\"Comment\",\"target\":[\"https:\/\/www.safeconfidence.com.mx\/BLOG\/2017\/04\/10\/sabias-que-mexico-ocupa-el-segundo-puesto-a-nivel-mundial-en-adquisicion-de-aviones-privados\/#respond\"]}]},{\"@type\":[\"Person\"],\"@id\":\"https:\/\/www.safeconfidence.com.mx\/BLOG\/#\/schema\/person\/92ff8f1ff3e1de701d1b480f5688c2dd\",\"name\":\"sistemas\",\"image\":{\"@type\":\"ImageObject\",\"@id\":\"https:\/\/www.safeconfidence.com.mx\/BLOG\/#personlogo\",\"inLanguage\":\"es\",\"url\":\"https:\/\/secure.gravatar.com\/avatar\/5093b9ee5d159772f180c3b47f41083c?s=96&d=mm&r=g\",\"caption\":\"sistemas\"}}]}<\/script>\n<!-- \/ Yoast SEO plugin. -->","_links":{"self":[{"href":"https:\/\/www.safeconfidence.com.mx\/BLOG\/wp-json\/wp\/v2\/posts\/233"}],"collection":[{"href":"https:\/\/www.safeconfidence.com.mx\/BLOG\/wp-json\/wp\/v2\/posts"}],"about":[{"href":"https:\/\/www.safeconfidence.com.mx\/BLOG\/wp-json\/wp\/v2\/types\/post"}],"author":[{"embeddable":true,"href":"https:\/\/www.safeconfidence.com.mx\/BLOG\/wp-json\/wp\/v2\/users\/1"}],"replies":[{"embeddable":true,"href":"https:\/\/www.safeconfidence.com.mx\/BLOG\/wp-json\/wp\/v2\/comments?post=233"}],"version-history":[{"count":1,"href":"https:\/\/www.safeconfidence.com.mx\/BLOG\/wp-json\/wp\/v2\/posts\/233\/revisions"}],"predecessor-version":[{"id":239,"href":"https:\/\/www.safeconfidence.com.mx\/BLOG\/wp-json\/wp\/v2\/posts\/233\/revisions\/239"}],"wp:featuredmedia":[{"embeddable":true,"href":"https:\/\/www.safeconfidence.com.mx\/BLOG\/wp-json\/wp\/v2\/media\/238"}],"wp:attachment":[{"href":"https:\/\/www.safeconfidence.com.mx\/BLOG\/wp-json\/wp\/v2\/media?parent=233"}],"wp:term":[{"taxonomy":"category","embeddable":true,"href":"https:\/\/www.safeconfidence.com.mx\/BLOG\/wp-json\/wp\/v2\/categories?post=233"},{"taxonomy":"post_tag","embeddable":true,"href":"https:\/\/www.safeconfidence.com.mx\/BLOG\/wp-json\/wp\/v2\/tags?post=233"}],"curies":[{"name":"wp","href":"https:\/\/api.w.org\/{rel}","templated":true}]}}