{"id":432,"date":"2017-09-20T11:44:48","date_gmt":"2017-09-20T17:44:48","guid":{"rendered":"http:\/\/www.safeconfidence.com.mx\/BLOG\/?p=432"},"modified":"2017-09-20T11:44:48","modified_gmt":"2017-09-20T17:44:48","slug":"el-gobierno-federal-impulsa-la-compra-de-vehiculos-electricos-con-electrolineras","status":"publish","type":"post","link":"https:\/\/www.safeconfidence.com.mx\/BLOG\/2017\/09\/20\/el-gobierno-federal-impulsa-la-compra-de-vehiculos-electricos-con-electrolineras\/","title":{"rendered":"El Gobierno Federal impulsa la compra de veh\u00edculos el\u00e9ctricos con electrolineras"},"content":{"rendered":"<p>En M\u00e9xico los veh\u00edculos el\u00e9ctricos est\u00e1n comenzando a llamar m\u00e1s la atenci\u00f3n de los consumidores as\u00ed como de los gobiernos tanto el federal como los estatales, que se preocupan cada vez m\u00e1s por el ambiente y la reducci\u00f3n de emisiones.<\/p>\n<p>La inversi\u00f3n, a trav\u00e9s de la Secretar\u00eda de Energ\u00eda, ser\u00e1 de 25 millones de pesos para la instalaci\u00f3n de <strong>100 electrolineras<\/strong> en el pa\u00eds, esto con el fin de promover el consumo de veh\u00edculos el\u00e9ctricos en M\u00e9xico, dijo el secretario de Energ\u00eda, Pedro Joaqu\u00edn Coldwell.<\/p>\n<p>Con esta inversi\u00f3n, se llegar\u00e1n a las 1000 estaciones de carga para este tipo de autos en todo el pa\u00eds.<\/p>\n<blockquote><p>Este a\u00f1o, la Secretar\u00eda de Energ\u00eda y la CFE destinaremos 25 millones de pesos del Fondo de Transici\u00f3n y Aprovechamiento Sustentable de la Energ\u00eda [Fotease] para instalar al menos 100 centros de recarga de autos el\u00e9ctricos p\u00fablicos, gratuitos y universales.<\/p><\/blockquote>\n<p>Estos centros de carga estar\u00e1n ubicados en la Ciudad de M\u00e9xico, Monterrey y Guadalajara.<\/p>\n<p>La CFE por su parte, mencion\u00f3 que proporcionar\u00e1 <strong>medidores gratuitos<\/strong> para las personas que instalen electrolineras en su domicilio, esto con el fin de que su recibo de luz no se vea afectado por las cargas de los veh\u00edculos.<\/p>\n<p>Durante el Foro de Sustentabilidad, Movilidad Urbana y El\u00e9ctrica, el titular de la Sener destac\u00f3 que un auto a gasolina emite 3 toneladas de di\u00f3xido de carbono al a\u00f1o, mientras que un el\u00e9ctrico es cero emisiones.<\/p>\n<blockquote><p>La sustituci\u00f3n de un autom\u00f3vil de gasolina por uno el\u00e9ctrico evita emisiones equivalentes a sembrar 70 \u00e1rboles<\/p><\/blockquote>\n<p>Tambi\u00e9n el embajador de Alemania en M\u00e9xico, Viktor Elbling, habl\u00f3 sobre los <strong>beneficios fiscales<\/strong> que se otorgan en el pa\u00eds europeo, en donde los consumidores \u00a0\u00a0 tienen un <strong>apoyo de 4 mil euros<\/strong> para la compra de autos el\u00e9ctricos adem\u00e1s de 10 a\u00f1os libres de impuestos por el coche.<\/p>\n<p>La circulaci\u00f3n de veh\u00edculos el\u00e9ctricos en 2015 era de un mill\u00f3n a nivel mundial, y tan s\u00f3lo en 2016 la cifra se duplic\u00f3 dej\u00e1ndolo en 2 millones. Una de las metas, basado en estas cifras, es que en Alemania se comercialice un mill\u00f3n de estos veh\u00edculos para 2020.<\/p>\n<p>Sin duda los esfuerzos para la protecci\u00f3n ambiental y la movilidad sustentable se est\u00e1n llevando a pasos agigantados no s\u00f3lo en los pa\u00edses europeos, sino tambi\u00e9n en nuestro pa\u00eds.<\/p>\n<p>Lo que falta ahora es que los veh\u00edculos el\u00e9ctricos se vuelvan m\u00e1s comunes para que el precio baje, adem\u00e1s que el gobierno otorgue alg\u00fan beneficio a los ciudadanos que se interesan en adquirir este tipo de transporte.<\/p>\n","protected":false},"excerpt":{"rendered":"<p>En M\u00e9xico los veh\u00edculos el\u00e9ctricos est\u00e1n comenzando a llamar m\u00e1s la atenci\u00f3n de los consumidores as\u00ed como de los gobiernos<\/p>\n","protected":false},"author":5,"featured_media":433,"comment_status":"open","ping_status":"open","sticky":false,"template":"","format":"standard","meta":[],"categories":[6,4,8,27],"tags":[19,41,54,55,56,16],"yoast_head":"<!-- This site is optimized with the Yoast SEO plugin v14.5 - https:\/\/yoast.com\/wordpress\/plugins\/seo\/ -->\n<title>El Gobierno Federal impulsa la compra de veh\u00edculos el\u00e9ctricos con electrolineras - Safe &amp; Confidence | Transportacion Ejecutiva | CDMX<\/title>\n<meta name=\"robots\" content=\"index, follow\" \/>\n<meta name=\"googlebot\" content=\"index, follow, max-snippet:-1, max-image-preview:large, max-video-preview:-1\" \/>\n<meta name=\"bingbot\" content=\"index, follow, max-snippet:-1, max-image-preview:large, max-video-preview:-1\" \/>\n<link rel=\"canonical\" href=\"https:\/\/www.safeconfidence.com.mx\/BLOG\/2017\/09\/20\/el-gobierno-federal-impulsa-la-compra-de-vehiculos-electricos-con-electrolineras\/\" \/>\n<meta property=\"og:locale\" content=\"es_ES\" \/>\n<meta property=\"og:type\" content=\"article\" \/>\n<meta property=\"og:title\" content=\"El Gobierno Federal impulsa la compra de veh\u00edculos el\u00e9ctricos con electrolineras - Safe &amp; Confidence | Transportacion Ejecutiva | CDMX\" \/>\n<meta property=\"og:description\" content=\"En M\u00e9xico los veh\u00edculos el\u00e9ctricos est\u00e1n comenzando a llamar m\u00e1s la atenci\u00f3n de los consumidores as\u00ed como de los gobiernos\" \/>\n<meta property=\"og:url\" content=\"https:\/\/www.safeconfidence.com.mx\/BLOG\/2017\/09\/20\/el-gobierno-federal-impulsa-la-compra-de-vehiculos-electricos-con-electrolineras\/\" \/>\n<meta property=\"og:site_name\" content=\"Safe &amp; Confidence | Transportacion Ejecutiva | CDMX\" \/>\n<meta property=\"article:publisher\" content=\"https:\/\/www.facebook.com\/SafeConfidence\/\" \/>\n<meta property=\"article:published_time\" content=\"2017-09-20T17:44:48+00:00\" \/>\n<meta property=\"og:image\" content=\"https:\/\/www.safeconfidence.com.mx\/BLOG\/wp-content\/uploads\/2017\/09\/m\u00e1s-electrolineras-gratuitas-en-M\u00e9xico-para-promover-compra-de-autos-el\u00e9ctricos-cdmx-cero-emision.jpg\" \/>\n\t<meta property=\"og:image:width\" content=\"800\" \/>\n\t<meta property=\"og:image:height\" content=\"400\" \/>\n<meta name=\"twitter:card\" content=\"summary\" \/>\n<script type=\"application\/ld+json\" class=\"yoast-schema-graph\">{\"@context\":\"https:\/\/schema.org\",\"@graph\":[{\"@type\":\"Organization\",\"@id\":\"https:\/\/www.safeconfidence.com.mx\/BLOG\/#organization\",\"name\":\"Safe & Confidence\",\"url\":\"https:\/\/www.safeconfidence.com.mx\/BLOG\/\",\"sameAs\":[\"https:\/\/www.facebook.com\/SafeConfidence\/\",\"https:\/\/www.instagram.com\/safe_and_confidence\",\"https:\/\/www.linkedin.com\/company\/safe-&amp;confidence\"],\"logo\":{\"@type\":\"ImageObject\",\"@id\":\"https:\/\/www.safeconfidence.com.mx\/BLOG\/#logo\",\"inLanguage\":\"es\",\"url\":\"https:\/\/www.safeconfidence.com.mx\/BLOG\/wp-content\/uploads\/2017\/03\/13718600_304610283205887_3941599387691950711_n.png\",\"width\":180,\"height\":180,\"caption\":\"Safe & Confidence\"},\"image\":{\"@id\":\"https:\/\/www.safeconfidence.com.mx\/BLOG\/#logo\"}},{\"@type\":\"WebSite\",\"@id\":\"https:\/\/www.safeconfidence.com.mx\/BLOG\/#website\",\"url\":\"https:\/\/www.safeconfidence.com.mx\/BLOG\/\",\"name\":\"Safe &amp; Confidence | Transportacion Ejecutiva | CDMX\",\"description\":\"L\\u00edderes en transporte ejecutivo con servicios de traslados ejecutivos, renta de auto con chofer, autos blindados\",\"publisher\":{\"@id\":\"https:\/\/www.safeconfidence.com.mx\/BLOG\/#organization\"},\"potentialAction\":[{\"@type\":\"SearchAction\",\"target\":\"https:\/\/www.safeconfidence.com.mx\/BLOG\/?s={search_term_string}\",\"query-input\":\"required name=search_term_string\"}],\"inLanguage\":\"es\"},{\"@type\":\"ImageObject\",\"@id\":\"https:\/\/www.safeconfidence.com.mx\/BLOG\/2017\/09\/20\/el-gobierno-federal-impulsa-la-compra-de-vehiculos-electricos-con-electrolineras\/#primaryimage\",\"inLanguage\":\"es\",\"url\":\"https:\/\/www.safeconfidence.com.mx\/BLOG\/wp-content\/uploads\/2017\/09\/m\\u00e1s-electrolineras-gratuitas-en-M\\u00e9xico-para-promover-compra-de-autos-el\\u00e9ctricos-cdmx-cero-emision.jpg\",\"width\":800,\"height\":400,\"caption\":\"m\\u00e1s-electrolineras-gratuitas-en-M\\u00e9xico-para-promover-compra-de-autos-el\\u00e9ctricos-cdmx-cero-emision\"},{\"@type\":\"WebPage\",\"@id\":\"https:\/\/www.safeconfidence.com.mx\/BLOG\/2017\/09\/20\/el-gobierno-federal-impulsa-la-compra-de-vehiculos-electricos-con-electrolineras\/#webpage\",\"url\":\"https:\/\/www.safeconfidence.com.mx\/BLOG\/2017\/09\/20\/el-gobierno-federal-impulsa-la-compra-de-vehiculos-electricos-con-electrolineras\/\",\"name\":\"El Gobierno Federal impulsa la compra de veh\\u00edculos el\\u00e9ctricos con electrolineras - Safe &amp; Confidence | Transportacion Ejecutiva | CDMX\",\"isPartOf\":{\"@id\":\"https:\/\/www.safeconfidence.com.mx\/BLOG\/#website\"},\"primaryImageOfPage\":{\"@id\":\"https:\/\/www.safeconfidence.com.mx\/BLOG\/2017\/09\/20\/el-gobierno-federal-impulsa-la-compra-de-vehiculos-electricos-con-electrolineras\/#primaryimage\"},\"datePublished\":\"2017-09-20T17:44:48+00:00\",\"dateModified\":\"2017-09-20T17:44:48+00:00\",\"inLanguage\":\"es\",\"potentialAction\":[{\"@type\":\"ReadAction\",\"target\":[\"https:\/\/www.safeconfidence.com.mx\/BLOG\/2017\/09\/20\/el-gobierno-federal-impulsa-la-compra-de-vehiculos-electricos-con-electrolineras\/\"]}]},{\"@type\":\"Article\",\"@id\":\"https:\/\/www.safeconfidence.com.mx\/BLOG\/2017\/09\/20\/el-gobierno-federal-impulsa-la-compra-de-vehiculos-electricos-con-electrolineras\/#article\",\"isPartOf\":{\"@id\":\"https:\/\/www.safeconfidence.com.mx\/BLOG\/2017\/09\/20\/el-gobierno-federal-impulsa-la-compra-de-vehiculos-electricos-con-electrolineras\/#webpage\"},\"author\":{\"@id\":\"https:\/\/www.safeconfidence.com.mx\/BLOG\/#\/schema\/person\/80e671c92674d5d593a6e5cf6868dbe1\"},\"headline\":\"El Gobierno Federal impulsa la compra de veh\\u00edculos el\\u00e9ctricos con electrolineras\",\"datePublished\":\"2017-09-20T17:44:48+00:00\",\"dateModified\":\"2017-09-20T17:44:48+00:00\",\"commentCount\":0,\"mainEntityOfPage\":{\"@id\":\"https:\/\/www.safeconfidence.com.mx\/BLOG\/2017\/09\/20\/el-gobierno-federal-impulsa-la-compra-de-vehiculos-electricos-con-electrolineras\/#webpage\"},\"publisher\":{\"@id\":\"https:\/\/www.safeconfidence.com.mx\/BLOG\/#organization\"},\"image\":{\"@id\":\"https:\/\/www.safeconfidence.com.mx\/BLOG\/2017\/09\/20\/el-gobierno-federal-impulsa-la-compra-de-vehiculos-electricos-con-electrolineras\/#primaryimage\"},\"keywords\":\"auto,cdmx,cero emisiones,electrico,electrolineras,transportaci\\u00f3n ejecutiva\",\"articleSection\":\"Autos,Ciudad,Estilo de vida,transportacion ejecutiva\",\"inLanguage\":\"es\",\"potentialAction\":[{\"@type\":\"CommentAction\",\"name\":\"Comment\",\"target\":[\"https:\/\/www.safeconfidence.com.mx\/BLOG\/2017\/09\/20\/el-gobierno-federal-impulsa-la-compra-de-vehiculos-electricos-con-electrolineras\/#respond\"]}]},{\"@type\":[\"Person\"],\"@id\":\"https:\/\/www.safeconfidence.com.mx\/BLOG\/#\/schema\/person\/80e671c92674d5d593a6e5cf6868dbe1\",\"name\":\"Marketing\",\"image\":{\"@type\":\"ImageObject\",\"@id\":\"https:\/\/www.safeconfidence.com.mx\/BLOG\/#personlogo\",\"inLanguage\":\"es\",\"url\":\"https:\/\/secure.gravatar.com\/avatar\/cc8fda17ea3a3b6738713060479d2f19?s=96&d=mm&r=g\",\"caption\":\"Marketing\"}}]}<\/script>\n<!-- \/ Yoast SEO plugin. -->","_links":{"self":[{"href":"https:\/\/www.safeconfidence.com.mx\/BLOG\/wp-json\/wp\/v2\/posts\/432"}],"collection":[{"href":"https:\/\/www.safeconfidence.com.mx\/BLOG\/wp-json\/wp\/v2\/posts"}],"about":[{"href":"https:\/\/www.safeconfidence.com.mx\/BLOG\/wp-json\/wp\/v2\/types\/post"}],"author":[{"embeddable":true,"href":"https:\/\/www.safeconfidence.com.mx\/BLOG\/wp-json\/wp\/v2\/users\/5"}],"replies":[{"embeddable":true,"href":"https:\/\/www.safeconfidence.com.mx\/BLOG\/wp-json\/wp\/v2\/comments?post=432"}],"version-history":[{"count":1,"href":"https:\/\/www.safeconfidence.com.mx\/BLOG\/wp-json\/wp\/v2\/posts\/432\/revisions"}],"predecessor-version":[{"id":434,"href":"https:\/\/www.safeconfidence.com.mx\/BLOG\/wp-json\/wp\/v2\/posts\/432\/revisions\/434"}],"wp:featuredmedia":[{"embeddable":true,"href":"https:\/\/www.safeconfidence.com.mx\/BLOG\/wp-json\/wp\/v2\/media\/433"}],"wp:attachment":[{"href":"https:\/\/www.safeconfidence.com.mx\/BLOG\/wp-json\/wp\/v2\/media?parent=432"}],"wp:term":[{"taxonomy":"category","embeddable":true,"href":"https:\/\/www.safeconfidence.com.mx\/BLOG\/wp-json\/wp\/v2\/categories?post=432"},{"taxonomy":"post_tag","embeddable":true,"href":"https:\/\/www.safeconfidence.com.mx\/BLOG\/wp-json\/wp\/v2\/tags?post=432"}],"curies":[{"name":"wp","href":"https:\/\/api.w.org\/{rel}","templated":true}]}}