{"id":582,"date":"2018-01-15T12:53:18","date_gmt":"2018-01-15T18:53:18","guid":{"rendered":"http:\/\/www.safeconfidence.com.mx\/BLOG\/?p=582"},"modified":"2018-01-15T12:53:18","modified_gmt":"2018-01-15T18:53:18","slug":"ces-2018-nos-acerca-al-futuro-los-autos-inteligentes","status":"publish","type":"post","link":"https:\/\/www.safeconfidence.com.mx\/BLOG\/2018\/01\/15\/ces-2018-nos-acerca-al-futuro-los-autos-inteligentes\/","title":{"rendered":"El CES 2018 nos acerca al futuro de los autos inteligentes"},"content":{"rendered":"<p>Si ya nos hab\u00edamos emocionado con los autos el\u00e9ctricos y los primeros pasos de la conducci\u00f3n aut\u00f3noma por parte de las compa\u00f1\u00edas automotrices, este a\u00f1o el <strong>CES<\/strong> nos impact\u00f3 con los modelos futuristas y que ya se tienen contemplados para inicios de la siguiente d\u00e9cada.<\/p>\n<p>Veh\u00edculos <strong>aut\u00f3nomos, inteligentes, el\u00e9ctricos, solares, ecol\u00f3gicos<\/strong>, etc. de todo esto se llen\u00f3 el CES, evento en donde se muestran las mayores innovaciones en muchos sectores no s\u00f3lo el automotriz.<\/p>\n<p>Entre los dise\u00f1os que se presentaron, destacan los siguientes:<\/p>\n<h3>Bell Helicopter<\/h3>\n<p>Esta empresa americana se dedica a la construcci\u00f3n de veh\u00edculos de despegue vertical, con fines tanto para militares como comerciales. Y es en esta edici\u00f3n del CES que present\u00f3 un modelo h\u00edbrido con la capacidad de llevar hasta 4 personas de la manera m\u00e1s c\u00f3moda y pensando en una futura integraci\u00f3n con <strong>sistemas de transporte<\/strong>. Algo as\u00ed como un helic\u00f3ptero, pero con energ\u00eda limpia.<\/p>\n<h3>Bytes<\/h3>\n<p><strong>Byton<\/strong>, auto creado por exempleados de <strong>BMW<\/strong> y de <strong>Apple<\/strong>, es un auto que promete mucha variedad e innovaci\u00f3n tecnol\u00f3gica. Con sistemas de <strong>tableros inteligentes<\/strong>, que reportan rutas, calendarios y hasta datos m\u00e9dicos.<\/p>\n<p>La innovaci\u00f3n viene tambi\u00e9n en el interior, en donde su <strong>sistema de reconocimiento<\/strong> basado en c\u00e1maras, determinan qui\u00e9n eres y ajusta el auto a tu perfil, es decir, la <strong>inclinaci\u00f3n y altura del asiento<\/strong>, la configuraci\u00f3n del panel de control del auto y algunas preferencias que se vayan aprendiendo en el sistema.<\/p>\n<p>Cuando el auto se encuentra en <strong>conducci\u00f3n aut\u00f3noma<\/strong>, el asiento del conductor se desbloquea y puede girarse <strong>180 grados<\/strong> para poder entablar una charla con los pasajeros, es decir, tener una oficina m\u00f3vil en todo momento.<\/p>\n<h3>Hyundai<\/h3>\n<p>La firma coreana present\u00f3 <strong>Nexo<\/strong>, un auto que se mueve con hidr\u00f3geno, aut\u00f3nomo y un sistema de propulsi\u00f3n totalmente ecol\u00f3gico.<\/p>\n<p>Su venta se tiene prevista para el 2020, ofreciendo caracter\u00edsticas como asistencia de conducci\u00f3n, vistas de \u00e1ngulos muertos, y un sistema completo de sensores que ayudar\u00e1n al auto a mantenerse en su carril.<\/p>\n<p>Llam\u00f3 la atenci\u00f3n tambi\u00e9n su sistema de estacionamiento aut\u00f3nomo remoto, que promete al auto <strong>aparcarse sin la necesidad de un conductor<\/strong>, todo de manera aut\u00f3noma.<\/p>\n<p>Con <strong>Cisco<\/strong> a un lado, Hyundai tambi\u00e9n anunci\u00f3 la integraci\u00f3n de un sistema de comunicaci\u00f3n llegando a un nivel de <strong>h\u00edper-conectividad<\/strong>, ofreciendo velocidades de hasta 1 Gigabyte por segundo, capacidad que ser\u00e1 empleada para el reconocimiento del usuario en tiempo y forma, as\u00ed como almacenar rutinas de conducci\u00f3n para el mejor desempe\u00f1o del auto.<\/p>\n<h3>Mercedes Benz<\/h3>\n<p>La marca de lujo alemana no se queda atr\u00e1s, y aunque no haya presentado un auto, si present\u00f3 un sistema de infotainment innovador, y que, seg\u00fan los propios directores, saldr\u00e1 en los autos el pr\u00f3ximo a\u00f1o.<\/p>\n<p>Este sistema, denominado <strong>MBUX<\/strong>, ser\u00e1 un parteaguas, ya que, gracias a su pantalla t\u00e1ctil en el panel, as\u00ed como la <strong>inteligencia artificial<\/strong> integrada, brindar\u00e1n al conductor una atenci\u00f3n m\u00e1s personalizada e inteligente, coordinando sistemas como la calefacci\u00f3n, luces, GPS y audio para un recorrido m\u00e1s tranquilo.<\/p>\n<h3>Lightyear<\/h3>\n<p>Los autos solares tambi\u00e9n est\u00e1n empezando a ser una apuesta muy buena, y con el model One, la empresa holandesa Lightyear quiere lograr el impacto suficiente para esta nueva era de autos ecol\u00f3gicos.<\/p>\n<p>Lightyear One tiene la capacidad de conectarse tambi\u00e9n a los sistemas convencionales de recarga, como enchufes y estaciones, pero la verdadera haza\u00f1a es su autonom\u00eda, que, en palabras de sus creadores, va desde los <strong>400 km hasta los 800 km<\/strong>.<\/p>\n<h3>Toyota<\/h3>\n<p><strong>Concept-i<\/strong> y <strong>Concept-i RIDE<\/strong>, estos son los autos con los que la firma japonesa quiere competir en un mundo de autos conectados e inteligentes. El primero ofrece las caracter\u00edsticas comunes, es decir, auto de 4 ruedas con sistemas de conducci\u00f3n aut\u00f3noma, asistentes, rutas, sensores, etc. y el RIDE, adem\u00e1s de ser m\u00e1s compacto, ofrece otras caracter\u00edsticas como movilidad urbana, y sobre todo opciones consideradas para patrullaje y vigilancia.<\/p>\n<p>Adem\u00e1s de estos autos, Toyota tambi\u00e9n present\u00f3 un veh\u00edculo que podr\u00eda ser una revoluci\u00f3n en <strong>paqueter\u00eda y entregas a domicilio<\/strong>. Es el <strong>e-Palette<\/strong>. Veh\u00edculo dise\u00f1ado para ser \u00fanicamente de conducci\u00f3n aut\u00f3noma, y que ser\u00e1 probado ya a partir del 2020 en conjunto con la empresa de pizzas Pizza Hut.<\/p>\n<p>&nbsp;<\/p>\n<p>Estos autos sin duda representar\u00e1n lo que veremos en la siguiente d\u00e9cada. Si quieres conocer m\u00e1s acerca de estas noticias, visita <a href=\"http:\/\/www.safeconfidence.com.mx\">www.safeconfidence.com.mx<\/a> y conoce todo lo referente al <strong>transporte ejecutivo<\/strong> en el mundo<\/p>\n","protected":false},"excerpt":{"rendered":"<p>Si ya nos hab\u00edamos emocionado con los autos el\u00e9ctricos y los primeros pasos de la conducci\u00f3n aut\u00f3noma por parte de<\/p>\n","protected":false},"author":5,"featured_media":586,"comment_status":"open","ping_status":"open","sticky":false,"template":"","format":"standard","meta":[],"categories":[6,81],"tags":[129,104,137,135,136,133,20],"yoast_head":"<!-- This site is optimized with the Yoast SEO plugin v14.5 - https:\/\/yoast.com\/wordpress\/plugins\/seo\/ -->\n<title>El CES 2018 nos acerca al futuro de los autos inteligentes - Safe &amp; Confidence | Transportacion Ejecutiva | CDMX<\/title>\n<meta name=\"robots\" content=\"index, follow\" \/>\n<meta name=\"googlebot\" content=\"index, follow, max-snippet:-1, max-image-preview:large, max-video-preview:-1\" \/>\n<meta name=\"bingbot\" content=\"index, follow, max-snippet:-1, max-image-preview:large, max-video-preview:-1\" \/>\n<link rel=\"canonical\" href=\"https:\/\/www.safeconfidence.com.mx\/BLOG\/2018\/01\/15\/ces-2018-nos-acerca-al-futuro-los-autos-inteligentes\/\" \/>\n<meta property=\"og:locale\" content=\"es_ES\" \/>\n<meta property=\"og:type\" content=\"article\" \/>\n<meta property=\"og:title\" content=\"El CES 2018 nos acerca al futuro de los autos inteligentes - Safe &amp; Confidence | Transportacion Ejecutiva | CDMX\" \/>\n<meta property=\"og:description\" content=\"Si ya nos hab\u00edamos emocionado con los autos el\u00e9ctricos y los primeros pasos de la conducci\u00f3n aut\u00f3noma por parte de\" \/>\n<meta property=\"og:url\" content=\"https:\/\/www.safeconfidence.com.mx\/BLOG\/2018\/01\/15\/ces-2018-nos-acerca-al-futuro-los-autos-inteligentes\/\" \/>\n<meta property=\"og:site_name\" content=\"Safe &amp; Confidence | Transportacion Ejecutiva | CDMX\" \/>\n<meta property=\"article:publisher\" content=\"https:\/\/www.facebook.com\/SafeConfidence\/\" \/>\n<meta property=\"article:published_time\" content=\"2018-01-15T18:53:18+00:00\" \/>\n<meta property=\"og:image\" content=\"https:\/\/www.safeconfidence.com.mx\/BLOG\/wp-content\/uploads\/2018\/01\/CES-2018-el-evento-de-los-autos-ecol\u00f3gicos-e-innovadores-transporte-ejecutivo-safe-confidence.jpg\" \/>\n\t<meta property=\"og:image:width\" content=\"800\" \/>\n\t<meta property=\"og:image:height\" content=\"400\" \/>\n<meta name=\"twitter:card\" content=\"summary\" \/>\n<script type=\"application\/ld+json\" class=\"yoast-schema-graph\">{\"@context\":\"https:\/\/schema.org\",\"@graph\":[{\"@type\":\"Organization\",\"@id\":\"https:\/\/www.safeconfidence.com.mx\/BLOG\/#organization\",\"name\":\"Safe & Confidence\",\"url\":\"https:\/\/www.safeconfidence.com.mx\/BLOG\/\",\"sameAs\":[\"https:\/\/www.facebook.com\/SafeConfidence\/\",\"https:\/\/www.instagram.com\/safe_and_confidence\",\"https:\/\/www.linkedin.com\/company\/safe-&amp;confidence\"],\"logo\":{\"@type\":\"ImageObject\",\"@id\":\"https:\/\/www.safeconfidence.com.mx\/BLOG\/#logo\",\"inLanguage\":\"es\",\"url\":\"https:\/\/www.safeconfidence.com.mx\/BLOG\/wp-content\/uploads\/2017\/03\/13718600_304610283205887_3941599387691950711_n.png\",\"width\":180,\"height\":180,\"caption\":\"Safe & Confidence\"},\"image\":{\"@id\":\"https:\/\/www.safeconfidence.com.mx\/BLOG\/#logo\"}},{\"@type\":\"WebSite\",\"@id\":\"https:\/\/www.safeconfidence.com.mx\/BLOG\/#website\",\"url\":\"https:\/\/www.safeconfidence.com.mx\/BLOG\/\",\"name\":\"Safe &amp; Confidence | Transportacion Ejecutiva | CDMX\",\"description\":\"L\\u00edderes en transporte ejecutivo con servicios de traslados ejecutivos, renta de auto con chofer, autos blindados\",\"publisher\":{\"@id\":\"https:\/\/www.safeconfidence.com.mx\/BLOG\/#organization\"},\"potentialAction\":[{\"@type\":\"SearchAction\",\"target\":\"https:\/\/www.safeconfidence.com.mx\/BLOG\/?s={search_term_string}\",\"query-input\":\"required name=search_term_string\"}],\"inLanguage\":\"es\"},{\"@type\":\"ImageObject\",\"@id\":\"https:\/\/www.safeconfidence.com.mx\/BLOG\/2018\/01\/15\/ces-2018-nos-acerca-al-futuro-los-autos-inteligentes\/#primaryimage\",\"inLanguage\":\"es\",\"url\":\"https:\/\/www.safeconfidence.com.mx\/BLOG\/wp-content\/uploads\/2018\/01\/CES-2018-el-evento-de-los-autos-ecol\\u00f3gicos-e-innovadores-transporte-ejecutivo-safe-confidence.jpg\",\"width\":800,\"height\":400,\"caption\":\"CES-2018-el-evento-de-los-autos-ecol\\u00f3gicos-e-innovadores-transporte-ejecutivo-safe-confidence\"},{\"@type\":\"WebPage\",\"@id\":\"https:\/\/www.safeconfidence.com.mx\/BLOG\/2018\/01\/15\/ces-2018-nos-acerca-al-futuro-los-autos-inteligentes\/#webpage\",\"url\":\"https:\/\/www.safeconfidence.com.mx\/BLOG\/2018\/01\/15\/ces-2018-nos-acerca-al-futuro-los-autos-inteligentes\/\",\"name\":\"El CES 2018 nos acerca al futuro de los autos inteligentes - Safe &amp; Confidence | Transportacion Ejecutiva | CDMX\",\"isPartOf\":{\"@id\":\"https:\/\/www.safeconfidence.com.mx\/BLOG\/#website\"},\"primaryImageOfPage\":{\"@id\":\"https:\/\/www.safeconfidence.com.mx\/BLOG\/2018\/01\/15\/ces-2018-nos-acerca-al-futuro-los-autos-inteligentes\/#primaryimage\"},\"datePublished\":\"2018-01-15T18:53:18+00:00\",\"dateModified\":\"2018-01-15T18:53:18+00:00\",\"inLanguage\":\"es\",\"potentialAction\":[{\"@type\":\"ReadAction\",\"target\":[\"https:\/\/www.safeconfidence.com.mx\/BLOG\/2018\/01\/15\/ces-2018-nos-acerca-al-futuro-los-autos-inteligentes\/\"]}]},{\"@type\":\"Article\",\"@id\":\"https:\/\/www.safeconfidence.com.mx\/BLOG\/2018\/01\/15\/ces-2018-nos-acerca-al-futuro-los-autos-inteligentes\/#article\",\"isPartOf\":{\"@id\":\"https:\/\/www.safeconfidence.com.mx\/BLOG\/2018\/01\/15\/ces-2018-nos-acerca-al-futuro-los-autos-inteligentes\/#webpage\"},\"author\":{\"@id\":\"https:\/\/www.safeconfidence.com.mx\/BLOG\/#\/schema\/person\/80e671c92674d5d593a6e5cf6868dbe1\"},\"headline\":\"El CES 2018 nos acerca al futuro de los autos inteligentes\",\"datePublished\":\"2018-01-15T18:53:18+00:00\",\"dateModified\":\"2018-01-15T18:53:18+00:00\",\"commentCount\":0,\"mainEntityOfPage\":{\"@id\":\"https:\/\/www.safeconfidence.com.mx\/BLOG\/2018\/01\/15\/ces-2018-nos-acerca-al-futuro-los-autos-inteligentes\/#webpage\"},\"publisher\":{\"@id\":\"https:\/\/www.safeconfidence.com.mx\/BLOG\/#organization\"},\"image\":{\"@id\":\"https:\/\/www.safeconfidence.com.mx\/BLOG\/2018\/01\/15\/ces-2018-nos-acerca-al-futuro-los-autos-inteligentes\/#primaryimage\"},\"keywords\":\"autos electricos,bmw,ces2018,hyundai,mercedes benz,toyota,transporte ejecutivo\",\"articleSection\":\"Autos,transporte ejecutivo\",\"inLanguage\":\"es\",\"potentialAction\":[{\"@type\":\"CommentAction\",\"name\":\"Comment\",\"target\":[\"https:\/\/www.safeconfidence.com.mx\/BLOG\/2018\/01\/15\/ces-2018-nos-acerca-al-futuro-los-autos-inteligentes\/#respond\"]}]},{\"@type\":[\"Person\"],\"@id\":\"https:\/\/www.safeconfidence.com.mx\/BLOG\/#\/schema\/person\/80e671c92674d5d593a6e5cf6868dbe1\",\"name\":\"Marketing\",\"image\":{\"@type\":\"ImageObject\",\"@id\":\"https:\/\/www.safeconfidence.com.mx\/BLOG\/#personlogo\",\"inLanguage\":\"es\",\"url\":\"https:\/\/secure.gravatar.com\/avatar\/cc8fda17ea3a3b6738713060479d2f19?s=96&d=mm&r=g\",\"caption\":\"Marketing\"}}]}<\/script>\n<!-- \/ Yoast SEO plugin. -->","_links":{"self":[{"href":"https:\/\/www.safeconfidence.com.mx\/BLOG\/wp-json\/wp\/v2\/posts\/582"}],"collection":[{"href":"https:\/\/www.safeconfidence.com.mx\/BLOG\/wp-json\/wp\/v2\/posts"}],"about":[{"href":"https:\/\/www.safeconfidence.com.mx\/BLOG\/wp-json\/wp\/v2\/types\/post"}],"author":[{"embeddable":true,"href":"https:\/\/www.safeconfidence.com.mx\/BLOG\/wp-json\/wp\/v2\/users\/5"}],"replies":[{"embeddable":true,"href":"https:\/\/www.safeconfidence.com.mx\/BLOG\/wp-json\/wp\/v2\/comments?post=582"}],"version-history":[{"count":1,"href":"https:\/\/www.safeconfidence.com.mx\/BLOG\/wp-json\/wp\/v2\/posts\/582\/revisions"}],"predecessor-version":[{"id":587,"href":"https:\/\/www.safeconfidence.com.mx\/BLOG\/wp-json\/wp\/v2\/posts\/582\/revisions\/587"}],"wp:featuredmedia":[{"embeddable":true,"href":"https:\/\/www.safeconfidence.com.mx\/BLOG\/wp-json\/wp\/v2\/media\/586"}],"wp:attachment":[{"href":"https:\/\/www.safeconfidence.com.mx\/BLOG\/wp-json\/wp\/v2\/media?parent=582"}],"wp:term":[{"taxonomy":"category","embeddable":true,"href":"https:\/\/www.safeconfidence.com.mx\/BLOG\/wp-json\/wp\/v2\/categories?post=582"},{"taxonomy":"post_tag","embeddable":true,"href":"https:\/\/www.safeconfidence.com.mx\/BLOG\/wp-json\/wp\/v2\/tags?post=582"}],"curies":[{"name":"wp","href":"https:\/\/api.w.org\/{rel}","templated":true}]}}