{"id":710,"date":"2018-02-09T12:33:00","date_gmt":"2018-02-09T18:33:00","guid":{"rendered":"http:\/\/www.safeconfidence.com.mx\/BLOG\/?p=710"},"modified":"2018-02-09T12:33:00","modified_gmt":"2018-02-09T18:33:00","slug":"mercedes-benz-va-al-mercado-chino","status":"publish","type":"post","link":"https:\/\/www.safeconfidence.com.mx\/BLOG\/2018\/02\/09\/mercedes-benz-va-al-mercado-chino\/","title":{"rendered":"Mercedes-Benz va con todo al mercado chino"},"content":{"rendered":"<p>La firma <strong>Daimler<\/strong>, propietaria de <strong>Mercedes-Benz<\/strong>, ha logrado cumplir con las cuotas impuestas por China en cuanto a la producci\u00f3n de <strong>autos \u201cverdes\u201d<\/strong> y est\u00e1 preparando una gran inversi\u00f3n para lograr una mega producci\u00f3n en el pa\u00eds oriental.<\/p>\n<p>El gobierno chino ha autorizado la inversi\u00f3n de Daimler por 100 millones de d\u00f3lares para el fabricante de autos chinos BAIC Motor, de esta manera Daimler se convierte en la primera firma alemana en cumplir con las estrictas cuotas impuestas por China para la venta de autos de <strong>\u201cnueva energ\u00eda\u201d.<\/strong><\/p>\n<blockquote><p>Desde el a\u00f1o pasado Daimler mostr\u00f3 inter\u00e9s en la marca de <strong>autos chinos BAIC<\/strong>, comprando acciones de la firma y qued\u00e1ndose con una participaci\u00f3n del 3% del total de estas.<\/p><\/blockquote>\n<p>Este movimiento lo realiza Daimler de acuerdo a su nuevo plan de trabajo con los autos el\u00e9ctricos, y es que, en el pa\u00eds oriental, el auge de estos veh\u00edculos ha ido en aumento, logrando que sean m\u00e1s accesibles y aumentando la competencia entre los modelos que se ofrecen en el mercado.<\/p>\n<h3>\u00bfPor qu\u00e9 invertir en otras automotrices?<\/h3>\n<p>China, uno de los pa\u00edses potencia, y que se encuentra en evoluci\u00f3n constante, ha hecho posible la uni\u00f3n de empresas extranjeras con empresas nacionales, pues de acuerdo a las regulaciones de ese pa\u00eds, se dar\u00e1 <strong>prioridad a las automotrices locales<\/strong>, mientras que, a las extranjeras, a partir de 2019, se les aplicar\u00e1 una <strong>cuota<\/strong> generada del total de coches de nueva energ\u00eda producidos anualmente, cabe agregar tambi\u00e9n que para los coches que sean de gasolina, las <strong>cuotas ser\u00e1n m\u00e1s estrictas en 2020.<\/strong><\/p>\n<p>A este movimiento tambi\u00e9n se han sumado automotrices como <strong>Volkswagen, Ford, Renault<\/strong> y otras, que han invertido en compa\u00f1\u00edas automotrices chinas, con el fin de poder tener la penetraci\u00f3n adecuada adem\u00e1s de sus exportaciones a ese pa\u00eds.<\/p>\n<p>El plan de Daimler y BAIC es lanzar en los pr\u00f3ximos meses autos con la marca alemana Mercedes Benz, adem\u00e1s de trabajar en la creaci\u00f3n de una <strong>empresa de bater\u00edas<\/strong> para autos el\u00e9ctricos, empresa que ser\u00eda parte de una red global para suplir bater\u00edas a todos estos veh\u00edculos.<\/p>\n<p>Los coches el\u00e9ctricos han sido una completa revoluci\u00f3n para todas las automotrices, que ahora est\u00e1n invirtiendo tanto en autos nuevos como en bater\u00edas que sean lo suficientemente potentes para esos autos. El salto a estos autos ya es una realidad, y Daimler con Mercedes-Benz lo est\u00e1n demostrando.<\/p>\n<p>Tambi\u00e9n hay que recordad que estos tipos de autos vienen con muchos beneficios, entre estos la <strong>carga el\u00e9ctrica<\/strong>, pues se deja de lado la gasolina para cargar un auto incluso en el propio hogar. Adem\u00e1s, muchos pa\u00edses est\u00e1n ofreciendo <strong>beneficios fiscales<\/strong> para aquellas personas que deseen adquirir uno de estos veh\u00edculos, tales como planes de financiamiento como el <strong>leasing<\/strong>, <a href=\"http:\/\/www.corporatecar.com.mx\/\"><strong>renta de autos <\/strong><\/a>en las propias agencias automotrices, entre otras. Al final el disfrutar de estos autos ser\u00e1 casi para todos, pues si no es propio, incluso podr\u00e1 ser rentado o en alg\u00fan servicio de <strong><a href=\"http:\/\/www.safeconfidence.com.mx\/\">transporte ejecutivo.<\/a><\/strong><\/p>\n","protected":false},"excerpt":{"rendered":"<p>La firma Daimler, propietaria de Mercedes-Benz, ha logrado cumplir con las cuotas impuestas por China en cuanto a la producci\u00f3n<\/p>\n","protected":false},"author":5,"featured_media":711,"comment_status":"open","ping_status":"open","sticky":false,"template":"","format":"standard","meta":[],"categories":[81],"tags":[129,159,155,136,20],"yoast_head":"<!-- This site is optimized with the Yoast SEO plugin v14.5 - https:\/\/yoast.com\/wordpress\/plugins\/seo\/ -->\n<title>Mercedes-Benz va con todo al mercado chino - Safe &amp; Confidence | Transportacion Ejecutiva | CDMX<\/title>\n<meta name=\"robots\" content=\"index, follow\" \/>\n<meta name=\"googlebot\" content=\"index, follow, max-snippet:-1, max-image-preview:large, max-video-preview:-1\" \/>\n<meta name=\"bingbot\" content=\"index, follow, max-snippet:-1, max-image-preview:large, max-video-preview:-1\" \/>\n<link rel=\"canonical\" href=\"https:\/\/www.safeconfidence.com.mx\/BLOG\/2018\/02\/09\/mercedes-benz-va-al-mercado-chino\/\" \/>\n<meta property=\"og:locale\" content=\"es_ES\" \/>\n<meta property=\"og:type\" content=\"article\" \/>\n<meta property=\"og:title\" content=\"Mercedes-Benz va con todo al mercado chino - Safe &amp; Confidence | Transportacion Ejecutiva | CDMX\" \/>\n<meta property=\"og:description\" content=\"La firma Daimler, propietaria de Mercedes-Benz, ha logrado cumplir con las cuotas impuestas por China en cuanto a la producci\u00f3n\" \/>\n<meta property=\"og:url\" content=\"https:\/\/www.safeconfidence.com.mx\/BLOG\/2018\/02\/09\/mercedes-benz-va-al-mercado-chino\/\" \/>\n<meta property=\"og:site_name\" content=\"Safe &amp; Confidence | Transportacion Ejecutiva | CDMX\" \/>\n<meta property=\"article:publisher\" content=\"https:\/\/www.facebook.com\/SafeConfidence\/\" \/>\n<meta property=\"article:published_time\" content=\"2018-02-09T18:33:00+00:00\" \/>\n<meta property=\"og:image\" content=\"https:\/\/www.safeconfidence.com.mx\/BLOG\/wp-content\/uploads\/2018\/02\/Mercedes-Benz-llega-a-China-de-la-mano-de-BAIC-autos-electricos-renta-de-autos-transporte-ejecutivo-safe-confidence.jpg\" \/>\n\t<meta property=\"og:image:width\" content=\"800\" \/>\n\t<meta property=\"og:image:height\" content=\"400\" \/>\n<meta name=\"twitter:card\" content=\"summary\" \/>\n<script type=\"application\/ld+json\" class=\"yoast-schema-graph\">{\"@context\":\"https:\/\/schema.org\",\"@graph\":[{\"@type\":\"Organization\",\"@id\":\"https:\/\/www.safeconfidence.com.mx\/BLOG\/#organization\",\"name\":\"Safe & Confidence\",\"url\":\"https:\/\/www.safeconfidence.com.mx\/BLOG\/\",\"sameAs\":[\"https:\/\/www.facebook.com\/SafeConfidence\/\",\"https:\/\/www.instagram.com\/safe_and_confidence\",\"https:\/\/www.linkedin.com\/company\/safe-&amp;confidence\"],\"logo\":{\"@type\":\"ImageObject\",\"@id\":\"https:\/\/www.safeconfidence.com.mx\/BLOG\/#logo\",\"inLanguage\":\"es\",\"url\":\"https:\/\/www.safeconfidence.com.mx\/BLOG\/wp-content\/uploads\/2017\/03\/13718600_304610283205887_3941599387691950711_n.png\",\"width\":180,\"height\":180,\"caption\":\"Safe & Confidence\"},\"image\":{\"@id\":\"https:\/\/www.safeconfidence.com.mx\/BLOG\/#logo\"}},{\"@type\":\"WebSite\",\"@id\":\"https:\/\/www.safeconfidence.com.mx\/BLOG\/#website\",\"url\":\"https:\/\/www.safeconfidence.com.mx\/BLOG\/\",\"name\":\"Safe &amp; Confidence | Transportacion Ejecutiva | CDMX\",\"description\":\"L\\u00edderes en transporte ejecutivo con servicios de traslados ejecutivos, renta de auto con chofer, autos blindados\",\"publisher\":{\"@id\":\"https:\/\/www.safeconfidence.com.mx\/BLOG\/#organization\"},\"potentialAction\":[{\"@type\":\"SearchAction\",\"target\":\"https:\/\/www.safeconfidence.com.mx\/BLOG\/?s={search_term_string}\",\"query-input\":\"required name=search_term_string\"}],\"inLanguage\":\"es\"},{\"@type\":\"ImageObject\",\"@id\":\"https:\/\/www.safeconfidence.com.mx\/BLOG\/2018\/02\/09\/mercedes-benz-va-al-mercado-chino\/#primaryimage\",\"inLanguage\":\"es\",\"url\":\"https:\/\/www.safeconfidence.com.mx\/BLOG\/wp-content\/uploads\/2018\/02\/Mercedes-Benz-llega-a-China-de-la-mano-de-BAIC-autos-electricos-renta-de-autos-transporte-ejecutivo-safe-confidence.jpg\",\"width\":800,\"height\":400,\"caption\":\"Mercedes-Benz-llega-a-China-de-la-mano-de-BAIC-autos-electricos-renta-de-autos-transporte-ejecutivo-safe-confidence\"},{\"@type\":\"WebPage\",\"@id\":\"https:\/\/www.safeconfidence.com.mx\/BLOG\/2018\/02\/09\/mercedes-benz-va-al-mercado-chino\/#webpage\",\"url\":\"https:\/\/www.safeconfidence.com.mx\/BLOG\/2018\/02\/09\/mercedes-benz-va-al-mercado-chino\/\",\"name\":\"Mercedes-Benz va con todo al mercado chino - Safe &amp; Confidence | Transportacion Ejecutiva | CDMX\",\"isPartOf\":{\"@id\":\"https:\/\/www.safeconfidence.com.mx\/BLOG\/#website\"},\"primaryImageOfPage\":{\"@id\":\"https:\/\/www.safeconfidence.com.mx\/BLOG\/2018\/02\/09\/mercedes-benz-va-al-mercado-chino\/#primaryimage\"},\"datePublished\":\"2018-02-09T18:33:00+00:00\",\"dateModified\":\"2018-02-09T18:33:00+00:00\",\"inLanguage\":\"es\",\"potentialAction\":[{\"@type\":\"ReadAction\",\"target\":[\"https:\/\/www.safeconfidence.com.mx\/BLOG\/2018\/02\/09\/mercedes-benz-va-al-mercado-chino\/\"]}]},{\"@type\":\"Article\",\"@id\":\"https:\/\/www.safeconfidence.com.mx\/BLOG\/2018\/02\/09\/mercedes-benz-va-al-mercado-chino\/#article\",\"isPartOf\":{\"@id\":\"https:\/\/www.safeconfidence.com.mx\/BLOG\/2018\/02\/09\/mercedes-benz-va-al-mercado-chino\/#webpage\"},\"author\":{\"@id\":\"https:\/\/www.safeconfidence.com.mx\/BLOG\/#\/schema\/person\/80e671c92674d5d593a6e5cf6868dbe1\"},\"headline\":\"Mercedes-Benz va con todo al mercado chino\",\"datePublished\":\"2018-02-09T18:33:00+00:00\",\"dateModified\":\"2018-02-09T18:33:00+00:00\",\"commentCount\":0,\"mainEntityOfPage\":{\"@id\":\"https:\/\/www.safeconfidence.com.mx\/BLOG\/2018\/02\/09\/mercedes-benz-va-al-mercado-chino\/#webpage\"},\"publisher\":{\"@id\":\"https:\/\/www.safeconfidence.com.mx\/BLOG\/#organization\"},\"image\":{\"@id\":\"https:\/\/www.safeconfidence.com.mx\/BLOG\/2018\/02\/09\/mercedes-benz-va-al-mercado-chino\/#primaryimage\"},\"keywords\":\"autos electricos,baic,daimler,mercedes benz,transporte ejecutivo\",\"articleSection\":\"transporte ejecutivo\",\"inLanguage\":\"es\",\"potentialAction\":[{\"@type\":\"CommentAction\",\"name\":\"Comment\",\"target\":[\"https:\/\/www.safeconfidence.com.mx\/BLOG\/2018\/02\/09\/mercedes-benz-va-al-mercado-chino\/#respond\"]}]},{\"@type\":[\"Person\"],\"@id\":\"https:\/\/www.safeconfidence.com.mx\/BLOG\/#\/schema\/person\/80e671c92674d5d593a6e5cf6868dbe1\",\"name\":\"Marketing\",\"image\":{\"@type\":\"ImageObject\",\"@id\":\"https:\/\/www.safeconfidence.com.mx\/BLOG\/#personlogo\",\"inLanguage\":\"es\",\"url\":\"https:\/\/secure.gravatar.com\/avatar\/cc8fda17ea3a3b6738713060479d2f19?s=96&d=mm&r=g\",\"caption\":\"Marketing\"}}]}<\/script>\n<!-- \/ Yoast SEO plugin. -->","_links":{"self":[{"href":"https:\/\/www.safeconfidence.com.mx\/BLOG\/wp-json\/wp\/v2\/posts\/710"}],"collection":[{"href":"https:\/\/www.safeconfidence.com.mx\/BLOG\/wp-json\/wp\/v2\/posts"}],"about":[{"href":"https:\/\/www.safeconfidence.com.mx\/BLOG\/wp-json\/wp\/v2\/types\/post"}],"author":[{"embeddable":true,"href":"https:\/\/www.safeconfidence.com.mx\/BLOG\/wp-json\/wp\/v2\/users\/5"}],"replies":[{"embeddable":true,"href":"https:\/\/www.safeconfidence.com.mx\/BLOG\/wp-json\/wp\/v2\/comments?post=710"}],"version-history":[{"count":1,"href":"https:\/\/www.safeconfidence.com.mx\/BLOG\/wp-json\/wp\/v2\/posts\/710\/revisions"}],"predecessor-version":[{"id":712,"href":"https:\/\/www.safeconfidence.com.mx\/BLOG\/wp-json\/wp\/v2\/posts\/710\/revisions\/712"}],"wp:featuredmedia":[{"embeddable":true,"href":"https:\/\/www.safeconfidence.com.mx\/BLOG\/wp-json\/wp\/v2\/media\/711"}],"wp:attachment":[{"href":"https:\/\/www.safeconfidence.com.mx\/BLOG\/wp-json\/wp\/v2\/media?parent=710"}],"wp:term":[{"taxonomy":"category","embeddable":true,"href":"https:\/\/www.safeconfidence.com.mx\/BLOG\/wp-json\/wp\/v2\/categories?post=710"},{"taxonomy":"post_tag","embeddable":true,"href":"https:\/\/www.safeconfidence.com.mx\/BLOG\/wp-json\/wp\/v2\/tags?post=710"}],"curies":[{"name":"wp","href":"https:\/\/api.w.org\/{rel}","templated":true}]}}