{"id":743,"date":"2018-03-05T14:36:14","date_gmt":"2018-03-05T20:36:14","guid":{"rendered":"http:\/\/www.safeconfidence.com.mx\/BLOG\/?p=743"},"modified":"2018-03-05T14:36:14","modified_gmt":"2018-03-05T20:36:14","slug":"la-carrera-los-autos-electricos-ya-mas-competidores","status":"publish","type":"post","link":"https:\/\/www.safeconfidence.com.mx\/BLOG\/2018\/03\/05\/la-carrera-los-autos-electricos-ya-mas-competidores\/","title":{"rendered":"La carrera de los autos el\u00e9ctricos ya tiene m\u00e1s competidores"},"content":{"rendered":"<p>Si pensabas que <strong>Tesla<\/strong> era la \u00fanica firma que dominaba el mercado de autos el\u00e9ctricos, hace mucho tiempo que esto dej\u00f3 de pasar, y es que, a pesar de que la compa\u00f1\u00eda de <em>Elon Musk<\/em> dio el banderazo de salida para la producci\u00f3n en serie de estos autos, varias compa\u00f1\u00edas, entre estas las m\u00e1s importantes como <strong>Ford, GM<\/strong> y otras, han logrado imponerse en este nuevo modo de transporte.<\/p>\n<h3>Volkswagen a por todo con los el\u00e9ctricos<\/h3>\n<p>La automotriz alemana no se ha quedado atr\u00e1s, y a pesar de que a\u00fan no cuenta con autos el\u00e9ctricos en el mercado, si nos ha dejado impresionados con los conceptos que ha mostrado en varios shows de auto alrededor del mundo.<\/p>\n<p>Con la llegada del <strong>Auto Show de Ginebra<\/strong> que se llevar\u00e1 a cabo a partir del 8 de marzo, Volkswagen promete que har\u00e1 temblar el show con su auto <strong>I.D. VIZZION<\/strong>, un auto que aseguran, impondr\u00e1 nuevos r\u00e9cords en cuanto a <strong>tama\u00f1o, autonom\u00eda, velocidad y dise\u00f1o<\/strong>.<\/p>\n<p>Hasta el momento, la firma alemana no ha querido dar m\u00e1s detalles de lo que nos espera en el auto show, pero gracias a algunas filtraciones, se espera que el auto pueda competir f\u00e1cilmente con un Tesla Model S, ya que, seg\u00fan algunas fuentes, logra unos incre\u00edbles <strong>225kW de potencia<\/strong>, cuenta con bater\u00edas de 111 kWh con las que se espera alcance una autonom\u00eda de aproximadamente 665 km y una <strong>aceleraci\u00f3n de 180 km\/h como m\u00e1ximo<\/strong>.<\/p>\n<blockquote><p>El ID VIZZION llegar\u00e1 como auto concepto, con medidas que sobrepasan al Passat y al mismo Tesla Model S, a\u00fan se desconoce su fecha de producci\u00f3n o si llegar\u00e1 a los concesionarios, pero VW anunci\u00f3 que, si llega, lo har\u00e1 despu\u00e9s de un auto compacto y un crossover, totalmente el\u00e9ctricos.<\/p><\/blockquote>\n<h3>Batalla entre automotrices por el mejor auto el\u00e9ctrico<\/h3>\n<p>Por el momento, Volkswagen no tiene planeado competir por el momento con Tesla, pues sus autos el\u00e9ctricos que est\u00e1n pr\u00f3ximos a salir van dirigidos a un <strong>p\u00fablico m\u00e1s popular<\/strong>, en donde <strong>el precio sea m\u00e1s accesible<\/strong> y las prestaciones sean las est\u00e1ndar.<\/p>\n<p>Pero eso no significa que dejen que Tesla y las dem\u00e1s compa\u00f1\u00edas se salgan con la suya, pues la filial Audi si est\u00e1 preparando sus autos para ser una buena <strong>competencia y alternativa<\/strong> ante los autos de lujo de Elon Musk.<\/p>\n<p>No s\u00f3lo VW est\u00e1 lista para entrar al mercado de los autos el\u00e9ctricos de lujo, sino que tambi\u00e9n la alemana Mercedes Benz prepara para el siguiente a\u00f1o su Mercedes EQC, una SUV con especificaciones competentes como: <strong>300 kW de potencia<\/strong>, aceleraci\u00f3n de <strong>0 a 100 km\/h en 5 segundos<\/strong> y una autonom\u00eda de aproximadamente 500 km.<\/p>\n<p>Todos estos autos tambi\u00e9n estar\u00e1n viendo m\u00e9todos por acoplarse a los veh\u00edculos aut\u00f3nomos, autos que se creen sustituyan el actual modelo de <strong><a href=\"http:\/\/www.safeconfidence.com.mx\/\">transporte ejecutivo<\/a><\/strong>, en donde las personas ya no compren autos, sino que renten servicios de este tipo para moverse de punto a punto.<\/p>\n","protected":false},"excerpt":{"rendered":"<p>Si pensabas que Tesla era la \u00fanica firma que dominaba el mercado de autos el\u00e9ctricos, hace mucho tiempo que esto<\/p>\n","protected":false},"author":5,"featured_media":744,"comment_status":"open","ping_status":"open","sticky":false,"template":"","format":"standard","meta":[],"categories":[81],"tags":[129,184,183,182,20,132],"yoast_head":"<!-- This site is optimized with the Yoast SEO plugin v14.5 - https:\/\/yoast.com\/wordpress\/plugins\/seo\/ -->\n<title>La carrera de los autos el\u00e9ctricos ya tiene m\u00e1s competidores - Safe &amp; Confidence | Transportacion Ejecutiva | CDMX<\/title>\n<meta name=\"robots\" content=\"index, follow\" \/>\n<meta name=\"googlebot\" content=\"index, follow, max-snippet:-1, max-image-preview:large, max-video-preview:-1\" \/>\n<meta name=\"bingbot\" content=\"index, follow, max-snippet:-1, max-image-preview:large, max-video-preview:-1\" \/>\n<link rel=\"canonical\" href=\"https:\/\/www.safeconfidence.com.mx\/BLOG\/2018\/03\/05\/la-carrera-los-autos-electricos-ya-mas-competidores\/\" \/>\n<meta property=\"og:locale\" content=\"es_ES\" \/>\n<meta property=\"og:type\" content=\"article\" \/>\n<meta property=\"og:title\" content=\"La carrera de los autos el\u00e9ctricos ya tiene m\u00e1s competidores - Safe &amp; Confidence | Transportacion Ejecutiva | CDMX\" \/>\n<meta property=\"og:description\" content=\"Si pensabas que Tesla era la \u00fanica firma que dominaba el mercado de autos el\u00e9ctricos, hace mucho tiempo que esto\" \/>\n<meta property=\"og:url\" content=\"https:\/\/www.safeconfidence.com.mx\/BLOG\/2018\/03\/05\/la-carrera-los-autos-electricos-ya-mas-competidores\/\" \/>\n<meta property=\"og:site_name\" content=\"Safe &amp; Confidence | Transportacion Ejecutiva | CDMX\" \/>\n<meta property=\"article:publisher\" content=\"https:\/\/www.facebook.com\/SafeConfidence\/\" \/>\n<meta property=\"article:published_time\" content=\"2018-03-05T20:36:14+00:00\" \/>\n<meta property=\"og:image\" content=\"https:\/\/www.safeconfidence.com.mx\/BLOG\/wp-content\/uploads\/2018\/03\/Volkswagen-y-sus-conceptos-que-van-contra-todos-los-autos-el\u00e9ctricos-transporte-ejecutivo-safe-confidence.jpg\" \/>\n\t<meta property=\"og:image:width\" content=\"800\" \/>\n\t<meta property=\"og:image:height\" content=\"400\" \/>\n<meta name=\"twitter:card\" content=\"summary\" \/>\n<script type=\"application\/ld+json\" class=\"yoast-schema-graph\">{\"@context\":\"https:\/\/schema.org\",\"@graph\":[{\"@type\":\"Organization\",\"@id\":\"https:\/\/www.safeconfidence.com.mx\/BLOG\/#organization\",\"name\":\"Safe & Confidence\",\"url\":\"https:\/\/www.safeconfidence.com.mx\/BLOG\/\",\"sameAs\":[\"https:\/\/www.facebook.com\/SafeConfidence\/\",\"https:\/\/www.instagram.com\/safe_and_confidence\",\"https:\/\/www.linkedin.com\/company\/safe-&amp;confidence\"],\"logo\":{\"@type\":\"ImageObject\",\"@id\":\"https:\/\/www.safeconfidence.com.mx\/BLOG\/#logo\",\"inLanguage\":\"es\",\"url\":\"https:\/\/www.safeconfidence.com.mx\/BLOG\/wp-content\/uploads\/2017\/03\/13718600_304610283205887_3941599387691950711_n.png\",\"width\":180,\"height\":180,\"caption\":\"Safe & Confidence\"},\"image\":{\"@id\":\"https:\/\/www.safeconfidence.com.mx\/BLOG\/#logo\"}},{\"@type\":\"WebSite\",\"@id\":\"https:\/\/www.safeconfidence.com.mx\/BLOG\/#website\",\"url\":\"https:\/\/www.safeconfidence.com.mx\/BLOG\/\",\"name\":\"Safe &amp; Confidence | Transportacion Ejecutiva | CDMX\",\"description\":\"L\\u00edderes en transporte ejecutivo con servicios de traslados ejecutivos, renta de auto con chofer, autos blindados\",\"publisher\":{\"@id\":\"https:\/\/www.safeconfidence.com.mx\/BLOG\/#organization\"},\"potentialAction\":[{\"@type\":\"SearchAction\",\"target\":\"https:\/\/www.safeconfidence.com.mx\/BLOG\/?s={search_term_string}\",\"query-input\":\"required name=search_term_string\"}],\"inLanguage\":\"es\"},{\"@type\":\"ImageObject\",\"@id\":\"https:\/\/www.safeconfidence.com.mx\/BLOG\/2018\/03\/05\/la-carrera-los-autos-electricos-ya-mas-competidores\/#primaryimage\",\"inLanguage\":\"es\",\"url\":\"https:\/\/www.safeconfidence.com.mx\/BLOG\/wp-content\/uploads\/2018\/03\/Volkswagen-y-sus-conceptos-que-van-contra-todos-los-autos-el\\u00e9ctricos-transporte-ejecutivo-safe-confidence.jpg\",\"width\":800,\"height\":400,\"caption\":\"Volkswagen-y-sus-conceptos-que-van-contra-todos-los-autos-el\\u00e9ctricos-transporte-ejecutivo-safe-confidence\"},{\"@type\":\"WebPage\",\"@id\":\"https:\/\/www.safeconfidence.com.mx\/BLOG\/2018\/03\/05\/la-carrera-los-autos-electricos-ya-mas-competidores\/#webpage\",\"url\":\"https:\/\/www.safeconfidence.com.mx\/BLOG\/2018\/03\/05\/la-carrera-los-autos-electricos-ya-mas-competidores\/\",\"name\":\"La carrera de los autos el\\u00e9ctricos ya tiene m\\u00e1s competidores - Safe &amp; Confidence | Transportacion Ejecutiva | CDMX\",\"isPartOf\":{\"@id\":\"https:\/\/www.safeconfidence.com.mx\/BLOG\/#website\"},\"primaryImageOfPage\":{\"@id\":\"https:\/\/www.safeconfidence.com.mx\/BLOG\/2018\/03\/05\/la-carrera-los-autos-electricos-ya-mas-competidores\/#primaryimage\"},\"datePublished\":\"2018-03-05T20:36:14+00:00\",\"dateModified\":\"2018-03-05T20:36:14+00:00\",\"inLanguage\":\"es\",\"potentialAction\":[{\"@type\":\"ReadAction\",\"target\":[\"https:\/\/www.safeconfidence.com.mx\/BLOG\/2018\/03\/05\/la-carrera-los-autos-electricos-ya-mas-competidores\/\"]}]},{\"@type\":\"Article\",\"@id\":\"https:\/\/www.safeconfidence.com.mx\/BLOG\/2018\/03\/05\/la-carrera-los-autos-electricos-ya-mas-competidores\/#article\",\"isPartOf\":{\"@id\":\"https:\/\/www.safeconfidence.com.mx\/BLOG\/2018\/03\/05\/la-carrera-los-autos-electricos-ya-mas-competidores\/#webpage\"},\"author\":{\"@id\":\"https:\/\/www.safeconfidence.com.mx\/BLOG\/#\/schema\/person\/80e671c92674d5d593a6e5cf6868dbe1\"},\"headline\":\"La carrera de los autos el\\u00e9ctricos ya tiene m\\u00e1s competidores\",\"datePublished\":\"2018-03-05T20:36:14+00:00\",\"dateModified\":\"2018-03-05T20:36:14+00:00\",\"commentCount\":0,\"mainEntityOfPage\":{\"@id\":\"https:\/\/www.safeconfidence.com.mx\/BLOG\/2018\/03\/05\/la-carrera-los-autos-electricos-ya-mas-competidores\/#webpage\"},\"publisher\":{\"@id\":\"https:\/\/www.safeconfidence.com.mx\/BLOG\/#organization\"},\"image\":{\"@id\":\"https:\/\/www.safeconfidence.com.mx\/BLOG\/2018\/03\/05\/la-carrera-los-autos-electricos-ya-mas-competidores\/#primaryimage\"},\"keywords\":\"autos electricos,id vizzion,passat,tesla model s,transporte ejecutivo,volkswagen\",\"articleSection\":\"transporte ejecutivo\",\"inLanguage\":\"es\",\"potentialAction\":[{\"@type\":\"CommentAction\",\"name\":\"Comment\",\"target\":[\"https:\/\/www.safeconfidence.com.mx\/BLOG\/2018\/03\/05\/la-carrera-los-autos-electricos-ya-mas-competidores\/#respond\"]}]},{\"@type\":[\"Person\"],\"@id\":\"https:\/\/www.safeconfidence.com.mx\/BLOG\/#\/schema\/person\/80e671c92674d5d593a6e5cf6868dbe1\",\"name\":\"Marketing\",\"image\":{\"@type\":\"ImageObject\",\"@id\":\"https:\/\/www.safeconfidence.com.mx\/BLOG\/#personlogo\",\"inLanguage\":\"es\",\"url\":\"https:\/\/secure.gravatar.com\/avatar\/cc8fda17ea3a3b6738713060479d2f19?s=96&d=mm&r=g\",\"caption\":\"Marketing\"}}]}<\/script>\n<!-- \/ Yoast SEO plugin. -->","_links":{"self":[{"href":"https:\/\/www.safeconfidence.com.mx\/BLOG\/wp-json\/wp\/v2\/posts\/743"}],"collection":[{"href":"https:\/\/www.safeconfidence.com.mx\/BLOG\/wp-json\/wp\/v2\/posts"}],"about":[{"href":"https:\/\/www.safeconfidence.com.mx\/BLOG\/wp-json\/wp\/v2\/types\/post"}],"author":[{"embeddable":true,"href":"https:\/\/www.safeconfidence.com.mx\/BLOG\/wp-json\/wp\/v2\/users\/5"}],"replies":[{"embeddable":true,"href":"https:\/\/www.safeconfidence.com.mx\/BLOG\/wp-json\/wp\/v2\/comments?post=743"}],"version-history":[{"count":1,"href":"https:\/\/www.safeconfidence.com.mx\/BLOG\/wp-json\/wp\/v2\/posts\/743\/revisions"}],"predecessor-version":[{"id":745,"href":"https:\/\/www.safeconfidence.com.mx\/BLOG\/wp-json\/wp\/v2\/posts\/743\/revisions\/745"}],"wp:featuredmedia":[{"embeddable":true,"href":"https:\/\/www.safeconfidence.com.mx\/BLOG\/wp-json\/wp\/v2\/media\/744"}],"wp:attachment":[{"href":"https:\/\/www.safeconfidence.com.mx\/BLOG\/wp-json\/wp\/v2\/media?parent=743"}],"wp:term":[{"taxonomy":"category","embeddable":true,"href":"https:\/\/www.safeconfidence.com.mx\/BLOG\/wp-json\/wp\/v2\/categories?post=743"},{"taxonomy":"post_tag","embeddable":true,"href":"https:\/\/www.safeconfidence.com.mx\/BLOG\/wp-json\/wp\/v2\/tags?post=743"}],"curies":[{"name":"wp","href":"https:\/\/api.w.org\/{rel}","templated":true}]}}